{"id":26,"date":"2008-10-26T22:01:07","date_gmt":"2008-10-26T22:01:07","guid":{"rendered":"https:\/\/www.ariaconference.com\/2008\/10\/26\/aria-koncept\/"},"modified":"2008-10-26T22:01:07","modified_gmt":"2008-10-26T22:01:07","slug":"aria-koncept","status":"publish","type":"post","link":"https:\/\/mail.ariaconference.com\/en\/aria\/aria-koncept\/","title":{"rendered":"Aria koncept"},"content":{"rendered":"<h4>TIMSKI RAD\t <\/h4>\n<ul>\n<li>TIMOVI koje okuplja ARIA do sada su, u periodu od 9 godina, \torganizovali ili u\u010destvovali u realizaciji preko 70 razli\u010ditih \tKONFERENCIJSKIH MANIFESTACIJA u oblasti ZDRAVSTVA.<\/li>\n<\/ul>\n<ul>\n<li>Me\u0111unarodni i nacionalni kongresi i seminari<\/li>\n<\/ul>\n<ul>\n<li>Stru\u010dni simpozijumi<\/li>\n<\/ul>\n<ul>\n<li>Stru\u010dni simpozijumi sa hirurgijom u\u017eivo &ndash; AUDIO-VIDEO linkovi<\/li>\n<\/ul>\n<ul>\n<li>Predavanja po pozivu stranih i doma\u0107ih predava\u010da<\/li>\n<\/ul>\n<ul>\n<li>Radionice &ndash; WORKSHOP &ndash; sa hirurgijom u\u017eivo ili radom sa eksperimentalnim \u017eivotinjama<\/li>\n<\/ul>\n<ul>\n<li>Teorijski i prakti\u010dni kursevi sa radom na trena\u017eeru<\/li>\n<\/ul>\n<ul>\n<li>Kompanijske prezentacije<\/li>\n<\/ul>\n<ul>\n<li>Organizacija i vo\u0111enje strukovnih Udru\u017eenja<\/li>\n<\/ul>\n<ul>\n<li>Produkcija i realizacija promotivnih prezentacija, spotova i filmova<\/li>\n<\/ul>\n<h4>KOMUNIKACIJA <\/h4>\n<p> Smatrali smo da EFIKASNA KOMUNIKACIONA MRE\u017dA svih zainteresovanih predstavalja klju\u010dan potencijal za kvalitetno i trajno sprovo\u0111enje ovakvih stru\u010dno-edukacionih aktivnosti. Zato smo u saradnji sa liderima struke razvili slede\u0107e modele.   <\/p>\n<ul>\n<li>Komunikacija sa bolnicama i ostalim zdravstvenim ustanovama<\/li>\n<\/ul>\n<ul>\n<li>Komunikacija sa lekarima i ostalim medicinskim osobljem<\/li>\n<\/ul>\n<ul>\n<li>Komunikacija sa upravlja\u010dkim timovima zdravstvenih ustanova<\/li>\n<\/ul>\n<ul>\n<li>Komunikacija sa me\u0111unarodnim strukovnim udru\u017eenjima uz povezivanje sa doma\u0107om stru\u010dnom javno&scaron;\u0107u<\/li>\n<\/ul>\n<ul>\n<li>Komunikacija sa me\u0111unarodnim akademskim i trening centrima uz povezivanje sa doma\u0107om stru\u010dnom javno&scaron;\u0107u<\/li>\n<\/ul>\n<ul>\n<li>Komunikacija sa kompanijama medicinske i farmaceutske industrije<\/li>\n<\/ul>\n<ul>\n<li>Komunikacija sa medijima<\/li>\n<\/ul>\n<h4>INFRASTRUKTURA I LOGISTIKA<br \/> <\/h4>\n<p> Od po\u010detka smo verovali da su INFRASTRUKTURA i LOGISTIKA neupadljivi a izuzetno va\u017eni elementi uspeha svakog projekta.   <\/p>\n<ul>\n<li>\u010clanovi na&scaron;eg tima danas su direktori kancelarije, asistenti \tza komunikaciju, specijalisti za dizajn i &scaron;tampu, kompjuterske medije, \taudio-vizuelne komunikacije, fotografiju, TV i filmsku produkciju<\/li>\n<\/ul>\n<ul>\n<li>Trajnu i kvalitetnu saradnju ostvarujemo i sa istaknutim \tumetnicima i umetni\u010dkim udru\u017eenjima, turisti\u010dkim agencijama i \tkvalitetnim organizacijama u oblasti ugostiteljstva i hotelijerstva.<\/li>\n<\/ul>\n","protected":false},"excerpt":{"rendered":"<p>TIMSKI RAD TIMOVI koje okuplja ARIA do sada su, u periodu od 9 godina, organizovali ili u\u010destvovali u realizaciji preko 70 razli\u010ditih KONFERENCIJSKIH MANIFESTACIJA u oblasti ZDRAVSTVA. Me\u0111unarodni i nacionalni [&hellip;]<\/p>\n","protected":false},"author":1,"featured_media":0,"comment_status":"open","ping_status":"closed","sticky":false,"template":"","format":"standard","meta":{"_acf_changed":false,"footnotes":""},"categories":[15],"tags":[],"class_list":["post-26","post","type-post","status-publish","format-standard","hentry","category-aria"],"acf":[],"yoast_head":"<!-- This site is optimized with the Yoast SEO plugin v26.0 - https:\/\/yoast.com\/wordpress\/plugins\/seo\/ -->\n<title>Aria koncept - Aria Conference &amp; Events<\/title>\n<meta name=\"robots\" content=\"index, follow, max-snippet:-1, max-image-preview:large, max-video-preview:-1\" \/>\n<link rel=\"canonical\" href=\"https:\/\/aria.ariaconference.com\/en\/aria\/aria-koncept\/\" \/>\n<meta property=\"og:locale\" content=\"en_GB\" \/>\n<meta property=\"og:locale:alternate\" content=\"sr_RS\" \/>\n<meta property=\"og:type\" content=\"article\" \/>\n<meta property=\"og:title\" content=\"Aria koncept - Aria Conference &amp; Events\" \/>\n<meta property=\"og:description\" content=\"TIMSKI RAD TIMOVI koje okuplja ARIA do sada su, u periodu od 9 godina, organizovali ili u\u010destvovali u realizaciji preko 70 razli\u010ditih KONFERENCIJSKIH MANIFESTACIJA u oblasti ZDRAVSTVA. Me\u0111unarodni i nacionalni [&hellip;]\" \/>\n<meta property=\"og:url\" content=\"https:\/\/mail.ariaconference.com\/en\/aria\/aria-koncept\/\" \/>\n<meta property=\"og:site_name\" content=\"Aria Conference &amp; Events\" \/>\n<meta property=\"article:published_time\" content=\"2008-10-26T22:01:07+00:00\" \/>\n<meta name=\"author\" content=\"m.despotovic\" \/>\n<meta name=\"twitter:card\" content=\"summary_large_image\" \/>\n<meta name=\"twitter:label1\" content=\"Written by\" \/>\n\t<meta name=\"twitter:data1\" content=\"m.despotovic\" \/>\n\t<meta name=\"twitter:label2\" content=\"Estimated reading time\" \/>\n\t<meta name=\"twitter:data2\" content=\"1 minute\" \/>\n<script type=\"application\/ld+json\" class=\"yoast-schema-graph\">{\"@context\":\"https:\/\/schema.org\",\"@graph\":[{\"@type\":\"WebPage\",\"@id\":\"https:\/\/aria.ariaconference.com\/en\/aria\/aria-koncept\/\",\"url\":\"https:\/\/aria.ariaconference.com\/en\/aria\/aria-koncept\/\",\"name\":\"Aria koncept - Aria Conference & Events\",\"isPartOf\":{\"@id\":\"https:\/\/mail.ariaconference.com\/en\/#website\"},\"datePublished\":\"2008-10-26T22:01:07+00:00\",\"author\":{\"@id\":\"https:\/\/mail.ariaconference.com\/en\/#\/schema\/person\/fb5d65d4159849a4eb4d5361735ee0b4\"},\"breadcrumb\":{\"@id\":\"https:\/\/aria.ariaconference.com\/en\/aria\/aria-koncept\/#breadcrumb\"},\"inLanguage\":\"en-GB\",\"potentialAction\":[{\"@type\":\"ReadAction\",\"target\":[\"https:\/\/aria.ariaconference.com\/en\/aria\/aria-koncept\/\"]}]},{\"@type\":\"BreadcrumbList\",\"@id\":\"https:\/\/aria.ariaconference.com\/en\/aria\/aria-koncept\/#breadcrumb\",\"itemListElement\":[{\"@type\":\"ListItem\",\"position\":1,\"name\":\"Po\u010detna\",\"item\":\"https:\/\/mail.ariaconference.com\/en\/\"},{\"@type\":\"ListItem\",\"position\":2,\"name\":\"Aria koncept\"}]},{\"@type\":\"WebSite\",\"@id\":\"https:\/\/mail.ariaconference.com\/en\/#website\",\"url\":\"https:\/\/mail.ariaconference.com\/en\/\",\"name\":\"Aria Conference & Events\",\"description\":\"Conference & Events\",\"potentialAction\":[{\"@type\":\"SearchAction\",\"target\":{\"@type\":\"EntryPoint\",\"urlTemplate\":\"https:\/\/mail.ariaconference.com\/en\/?s={search_term_string}\"},\"query-input\":{\"@type\":\"PropertyValueSpecification\",\"valueRequired\":true,\"valueName\":\"search_term_string\"}}],\"inLanguage\":\"en-GB\"},{\"@type\":\"Person\",\"@id\":\"https:\/\/mail.ariaconference.com\/en\/#\/schema\/person\/fb5d65d4159849a4eb4d5361735ee0b4\",\"name\":\"m.despotovic\",\"image\":{\"@type\":\"ImageObject\",\"inLanguage\":\"en-GB\",\"@id\":\"https:\/\/mail.ariaconference.com\/en\/#\/schema\/person\/image\/\",\"url\":\"https:\/\/secure.gravatar.com\/avatar\/07c46e8ad2da79c76ac740a6579af8aba96b13e12d21bd85844dfd3c90204528?s=96&d=mm&r=g\",\"contentUrl\":\"https:\/\/secure.gravatar.com\/avatar\/07c46e8ad2da79c76ac740a6579af8aba96b13e12d21bd85844dfd3c90204528?s=96&d=mm&r=g\",\"caption\":\"m.despotovic\"}}]}<\/script>\n<!-- \/ Yoast SEO plugin. -->","yoast_head_json":{"title":"Aria koncept - Aria Conference & Events","robots":{"index":"index","follow":"follow","max-snippet":"max-snippet:-1","max-image-preview":"max-image-preview:large","max-video-preview":"max-video-preview:-1"},"canonical":"https:\/\/aria.ariaconference.com\/en\/aria\/aria-koncept\/","og_locale":"en_GB","og_type":"article","og_title":"Aria koncept - Aria Conference & Events","og_description":"TIMSKI RAD TIMOVI koje okuplja ARIA do sada su, u periodu od 9 godina, organizovali ili u\u010destvovali u realizaciji preko 70 razli\u010ditih KONFERENCIJSKIH MANIFESTACIJA u oblasti ZDRAVSTVA. Me\u0111unarodni i nacionalni [&hellip;]","og_url":"https:\/\/mail.ariaconference.com\/en\/aria\/aria-koncept\/","og_site_name":"Aria Conference & Events","article_published_time":"2008-10-26T22:01:07+00:00","author":"m.despotovic","twitter_card":"summary_large_image","twitter_misc":{"Written by":"m.despotovic","Estimated reading time":"1 minute"},"schema":{"@context":"https:\/\/schema.org","@graph":[{"@type":"WebPage","@id":"https:\/\/aria.ariaconference.com\/en\/aria\/aria-koncept\/","url":"https:\/\/aria.ariaconference.com\/en\/aria\/aria-koncept\/","name":"Aria koncept - Aria Conference & Events","isPartOf":{"@id":"https:\/\/mail.ariaconference.com\/en\/#website"},"datePublished":"2008-10-26T22:01:07+00:00","author":{"@id":"https:\/\/mail.ariaconference.com\/en\/#\/schema\/person\/fb5d65d4159849a4eb4d5361735ee0b4"},"breadcrumb":{"@id":"https:\/\/aria.ariaconference.com\/en\/aria\/aria-koncept\/#breadcrumb"},"inLanguage":"en-GB","potentialAction":[{"@type":"ReadAction","target":["https:\/\/aria.ariaconference.com\/en\/aria\/aria-koncept\/"]}]},{"@type":"BreadcrumbList","@id":"https:\/\/aria.ariaconference.com\/en\/aria\/aria-koncept\/#breadcrumb","itemListElement":[{"@type":"ListItem","position":1,"name":"Po\u010detna","item":"https:\/\/mail.ariaconference.com\/en\/"},{"@type":"ListItem","position":2,"name":"Aria koncept"}]},{"@type":"WebSite","@id":"https:\/\/mail.ariaconference.com\/en\/#website","url":"https:\/\/mail.ariaconference.com\/en\/","name":"Aria Conference & Events","description":"Conference & Events","potentialAction":[{"@type":"SearchAction","target":{"@type":"EntryPoint","urlTemplate":"https:\/\/mail.ariaconference.com\/en\/?s={search_term_string}"},"query-input":{"@type":"PropertyValueSpecification","valueRequired":true,"valueName":"search_term_string"}}],"inLanguage":"en-GB"},{"@type":"Person","@id":"https:\/\/mail.ariaconference.com\/en\/#\/schema\/person\/fb5d65d4159849a4eb4d5361735ee0b4","name":"m.despotovic","image":{"@type":"ImageObject","inLanguage":"en-GB","@id":"https:\/\/mail.ariaconference.com\/en\/#\/schema\/person\/image\/","url":"https:\/\/secure.gravatar.com\/avatar\/07c46e8ad2da79c76ac740a6579af8aba96b13e12d21bd85844dfd3c90204528?s=96&d=mm&r=g","contentUrl":"https:\/\/secure.gravatar.com\/avatar\/07c46e8ad2da79c76ac740a6579af8aba96b13e12d21bd85844dfd3c90204528?s=96&d=mm&r=g","caption":"m.despotovic"}}]}},"_links":{"self":[{"href":"https:\/\/mail.ariaconference.com\/en\/wp-json\/wp\/v2\/posts\/26","targetHints":{"allow":["GET"]}}],"collection":[{"href":"https:\/\/mail.ariaconference.com\/en\/wp-json\/wp\/v2\/posts"}],"about":[{"href":"https:\/\/mail.ariaconference.com\/en\/wp-json\/wp\/v2\/types\/post"}],"author":[{"embeddable":true,"href":"https:\/\/mail.ariaconference.com\/en\/wp-json\/wp\/v2\/users\/1"}],"replies":[{"embeddable":true,"href":"https:\/\/mail.ariaconference.com\/en\/wp-json\/wp\/v2\/comments?post=26"}],"version-history":[{"count":0,"href":"https:\/\/mail.ariaconference.com\/en\/wp-json\/wp\/v2\/posts\/26\/revisions"}],"wp:attachment":[{"href":"https:\/\/mail.ariaconference.com\/en\/wp-json\/wp\/v2\/media?parent=26"}],"wp:term":[{"taxonomy":"category","embeddable":true,"href":"https:\/\/mail.ariaconference.com\/en\/wp-json\/wp\/v2\/categories?post=26"},{"taxonomy":"post_tag","embeddable":true,"href":"https:\/\/mail.ariaconference.com\/en\/wp-json\/wp\/v2\/tags?post=26"}],"curies":[{"name":"wp","href":"https:\/\/api.w.org\/{rel}","templated":true}]}}